{"id":21113,"date":"2026-09-03T16:22:05","date_gmt":"2026-09-03T20:22:05","guid":{"rendered":"https:\/\/www.vilcun.cl\/web\/?p=21113"},"modified":"2026-09-03T16:26:31","modified_gmt":"2026-09-03T20:26:31","slug":"beca-deportiva-2026-municipalidad-de-vilcun","status":"publish","type":"post","link":"https:\/\/www.vilcun.cl\/web\/beca-deportiva-2026-municipalidad-de-vilcun\/","title":{"rendered":"BECA DEPORTIVA 2026 | MUNICIPALIDAD DE VILC\u00daN"},"content":{"rendered":"<div class=\"xdj266r x14z9mp xat24cr x1lziwak x1vvkbs x126k92a\">\n<div dir=\"auto\"><\/div>\n<\/div>\n<div class=\"x14z9mp xat24cr x1lziwak x1vvkbs xtlvy1s x126k92a\">\n<div dir=\"auto\">La Municipalidad de Vilc\u00fan informa la apertura del proceso de postulaci\u00f3n a la Beca Deportiva 2026, iniciativa destinada a apoyar a deportistas de la comuna en sus procesos de formaci\u00f3n, desarrollo y competencia.<\/div>\n<\/div>\n<div class=\"x14z9mp xat24cr x1lziwak x1vvkbs xtlvy1s x126k92a\">\n<div dir=\"auto\">CATEGOR\u00cdAS DE POSTULACI\u00d3N<\/div>\n<div dir=\"auto\"><span class=\"html-span xexx8yu xyri2b x18d9i69 x1c1uobl x1hl2dhg x16tdsg8 x1vvkbs x3nfvp2 x1j61x8r x1fcty0u xdj266r xat24cr xm2jcoa x1mpyi22 xxymvpz xlup9mm x1kky2od\"><img loading=\"lazy\" decoding=\"async\" class=\"xz74otr x15mokao x1ga7v0g x16uus16 xbiv7yw\" src=\"https:\/\/static.xx.fbcdn.net\/images\/emoji.php\/v9\/tf3\/1\/16\/1f539.png\" alt=\"\ud83d\udd39\" width=\"16\" height=\"16\" \/><\/span> Beca A | Deportistas de \u00c9lite<\/div>\n<div dir=\"auto\">Dirigida a deportistas de alto rendimiento con participaci\u00f3n y\/o resultados destacados en competencias de nivel internacional.<\/div>\n<\/div>\n<div class=\"x14z9mp xat24cr x1lziwak x1vvkbs xtlvy1s x126k92a\">\n<div dir=\"auto\"><span class=\"html-span xexx8yu xyri2b x18d9i69 x1c1uobl x1hl2dhg x16tdsg8 x1vvkbs x3nfvp2 x1j61x8r x1fcty0u xdj266r xat24cr xm2jcoa x1mpyi22 xxymvpz xlup9mm x1kky2od\"><img loading=\"lazy\" decoding=\"async\" class=\"xz74otr x15mokao x1ga7v0g x16uus16 xbiv7yw\" src=\"https:\/\/static.xx.fbcdn.net\/images\/emoji.php\/v9\/tf3\/1\/16\/1f539.png\" alt=\"\ud83d\udd39\" width=\"16\" height=\"16\" \/><\/span> Beca B | Deportistas Destacados<\/div>\n<div dir=\"auto\">Destinada a deportistas con trayectoria y participaci\u00f3n destacada en competencias de car\u00e1cter nacional.<\/div>\n<\/div>\n<div class=\"x14z9mp xat24cr x1lziwak x1vvkbs xtlvy1s x126k92a\">\n<div dir=\"auto\"><span class=\"html-span xexx8yu xyri2b x18d9i69 x1c1uobl x1hl2dhg x16tdsg8 x1vvkbs x3nfvp2 x1j61x8r x1fcty0u xdj266r xat24cr xm2jcoa x1mpyi22 xxymvpz xlup9mm x1kky2od\"><img loading=\"lazy\" decoding=\"async\" class=\"xz74otr x15mokao x1ga7v0g x16uus16 xbiv7yw\" src=\"https:\/\/static.xx.fbcdn.net\/images\/emoji.php\/v9\/tf3\/1\/16\/1f539.png\" alt=\"\ud83d\udd39\" width=\"16\" height=\"16\" \/><\/span> Beca C | Proyecci\u00f3n Deportiva<\/div>\n<div dir=\"auto\">Orientada a deportistas en etapa de formaci\u00f3n y desarrollo, con participaci\u00f3n y resultados principalmente a nivel regional.<\/div>\n<\/div>\n<div class=\"x14z9mp xat24cr x1lziwak x1vvkbs xtlvy1s x126k92a\">\n<div dir=\"auto\">MONTOS M\u00c1XIMOS DE FINANCIAMIENTO<\/div>\n<div dir=\"auto\"><span class=\"html-span xexx8yu xyri2b x18d9i69 x1c1uobl x1hl2dhg x16tdsg8 x1vvkbs x3nfvp2 x1j61x8r x1fcty0u xdj266r xat24cr xm2jcoa x1mpyi22 xxymvpz xlup9mm x1kky2od\"><img loading=\"lazy\" decoding=\"async\" class=\"xz74otr x15mokao x1ga7v0g x16uus16 xbiv7yw\" src=\"https:\/\/static.xx.fbcdn.net\/images\/emoji.php\/v9\/tbe\/1\/16\/1f3c6.png\" alt=\"\ud83c\udfc6\" width=\"16\" height=\"16\" \/><\/span> Beca A: hasta $1.500.000<\/div>\n<div dir=\"auto\"><span class=\"html-span xexx8yu xyri2b x18d9i69 x1c1uobl x1hl2dhg x16tdsg8 x1vvkbs x3nfvp2 x1j61x8r x1fcty0u xdj266r xat24cr xm2jcoa x1mpyi22 xxymvpz xlup9mm x1kky2od\"><img loading=\"lazy\" decoding=\"async\" class=\"xz74otr x15mokao x1ga7v0g x16uus16 xbiv7yw\" src=\"https:\/\/static.xx.fbcdn.net\/images\/emoji.php\/v9\/t15\/1\/16\/1f948.png\" alt=\"\ud83e\udd48\" width=\"16\" height=\"16\" \/><\/span> Beca B: hasta $500.000<\/div>\n<div dir=\"auto\"><span class=\"html-span xexx8yu xyri2b x18d9i69 x1c1uobl x1hl2dhg x16tdsg8 x1vvkbs x3nfvp2 x1j61x8r x1fcty0u xdj266r xat24cr xm2jcoa x1mpyi22 xxymvpz xlup9mm x1kky2od\"><img loading=\"lazy\" decoding=\"async\" class=\"xz74otr x15mokao x1ga7v0g x16uus16 xbiv7yw\" src=\"https:\/\/static.xx.fbcdn.net\/images\/emoji.php\/v9\/t96\/1\/16\/1f949.png\" alt=\"\ud83e\udd49\" width=\"16\" height=\"16\" \/><\/span> Beca C: hasta $250.000<\/div>\n<\/div>\n<div class=\"x14z9mp xat24cr x1lziwak x1vvkbs xtlvy1s x126k92a\">\n<div dir=\"auto\">REQUISITOS DE POSTULACI\u00d3N<\/div>\n<div dir=\"auto\">Podr\u00e1n postular deportistas que:<\/div>\n<\/div>\n<div class=\"x14z9mp xat24cr x1lziwak x1vvkbs xtlvy1s x126k92a\">\n<div dir=\"auto\">\u2022 Tengan 9 a\u00f1os cumplidos o m\u00e1s.<\/div>\n<div dir=\"auto\">\u2022 Acrediten residencia en la comuna de Vilc\u00fan por un m\u00ednimo de 3 a\u00f1os.<\/div>\n<div dir=\"auto\">\u2022 Desarrollen actividad competitiva en un deporte federado y acrediten participaci\u00f3n y\/o resultados deportivos de acuerdo con la categor\u00eda a la que postulan.<\/div>\n<div dir=\"auto\">\u2022 Presenten su proyecto deportivo y documentaci\u00f3n de respaldo correspondiente.<\/div>\n<\/div>\n<div class=\"x14z9mp xat24cr x1lziwak x1vvkbs xtlvy1s x126k92a\">\n<div dir=\"auto\"><span class=\"html-span xexx8yu xyri2b x18d9i69 x1c1uobl x1hl2dhg x16tdsg8 x1vvkbs x3nfvp2 x1j61x8r x1fcty0u xdj266r xat24cr xm2jcoa x1mpyi22 xxymvpz xlup9mm x1kky2od\"><img loading=\"lazy\" decoding=\"async\" class=\"xz74otr x15mokao x1ga7v0g x16uus16 xbiv7yw\" src=\"https:\/\/static.xx.fbcdn.net\/images\/emoji.php\/v9\/t7e\/1\/16\/1f4c5.png\" alt=\"\ud83d\udcc5\" width=\"16\" height=\"16\" \/><\/span> PER\u00cdODO DE POSTULACI\u00d3N:<\/div>\n<div dir=\"auto\">Del 03 al 16 de septiembre de 2026.<\/div>\n<\/div>\n<div class=\"x14z9mp xat24cr x1lziwak x1vvkbs xtlvy1s x126k92a\">\n<div dir=\"auto\"><span class=\"html-span xexx8yu xyri2b x18d9i69 x1c1uobl x1hl2dhg x16tdsg8 x1vvkbs x3nfvp2 x1j61x8r x1fcty0u xdj266r xat24cr xm2jcoa x1mpyi22 xxymvpz xlup9mm x1kky2od\"><img loading=\"lazy\" decoding=\"async\" class=\"xz74otr x15mokao x1ga7v0g x16uus16 xbiv7yw\" src=\"https:\/\/static.xx.fbcdn.net\/images\/emoji.php\/v9\/t2d\/1\/16\/1f4cd.png\" alt=\"\ud83d\udccd\" width=\"16\" height=\"16\" \/><\/span> Lugar de entrega: Oficina de Partes, Municipalidad de Vilc\u00fan, Lord Cochrane N\u00b0255.<\/div>\n<div dir=\"auto\"><span class=\"html-span xexx8yu xyri2b x18d9i69 x1c1uobl x1hl2dhg x16tdsg8 x1vvkbs x3nfvp2 x1j61x8r x1fcty0u xdj266r xat24cr xm2jcoa x1mpyi22 xxymvpz xlup9mm x1kky2od\"><img loading=\"lazy\" decoding=\"async\" class=\"xz74otr x15mokao x1ga7v0g x16uus16 xbiv7yw\" src=\"https:\/\/static.xx.fbcdn.net\/images\/emoji.php\/v9\/tca\/1\/16\/1f563.png\" alt=\"\ud83d\udd63\" width=\"16\" height=\"16\" \/><\/span> Horario de atenci\u00f3n: 08:30 a 14:00 horas.<\/div>\n<\/div>\n<div dir=\"auto\">Bases y Formulario en el siguiente link.<\/div>\n<div dir=\"auto\"><\/div>\n<div dir=\"auto\"><a href=\"https:\/\/www.vilcun.cl\/web\/wp-content\/uploads\/2026\/09\/BASES-Y-FORMULARIOS.pdf\">https:\/\/www.vilcun.cl\/web\/wp-content\/uploads\/2026\/09\/BASES-Y-FORMULARIOS.pdf<\/a><\/div>\n","protected":false},"excerpt":{"rendered":"<p>La Municipalidad de Vilc\u00fan informa la apertura del proceso de postulaci\u00f3n a la Beca Deportiva 2026, iniciativa destinada a apoyar a deportistas de la comuna en sus procesos de formaci\u00f3n, desarrollo y competencia. CATEGOR\u00cdAS DE POSTULACI\u00d3N Beca A | Deportistas de \u00c9lite Dirigida a deportistas de alto rendimiento con participaci\u00f3n y\/o resultados destacados en competencias [&hellip;]<\/p>\n","protected":false},"author":5,"featured_media":21114,"comment_status":"open","ping_status":"open","sticky":false,"template":"","format":"standard","meta":{"footnotes":""},"categories":[9],"tags":[],"class_list":["post-21113","post","type-post","status-publish","format-standard","has-post-thumbnail","hentry","category-bases-y-concursos"],"_links":{"self":[{"href":"https:\/\/www.vilcun.cl\/web\/wp-json\/wp\/v2\/posts\/21113","targetHints":{"allow":["GET"]}}],"collection":[{"href":"https:\/\/www.vilcun.cl\/web\/wp-json\/wp\/v2\/posts"}],"about":[{"href":"https:\/\/www.vilcun.cl\/web\/wp-json\/wp\/v2\/types\/post"}],"author":[{"embeddable":true,"href":"https:\/\/www.vilcun.cl\/web\/wp-json\/wp\/v2\/users\/5"}],"replies":[{"embeddable":true,"href":"https:\/\/www.vilcun.cl\/web\/wp-json\/wp\/v2\/comments?post=21113"}],"version-history":[{"count":3,"href":"https:\/\/www.vilcun.cl\/web\/wp-json\/wp\/v2\/posts\/21113\/revisions"}],"predecessor-version":[{"id":21117,"href":"https:\/\/www.vilcun.cl\/web\/wp-json\/wp\/v2\/posts\/21113\/revisions\/21117"}],"wp:featuredmedia":[{"embeddable":true,"href":"https:\/\/www.vilcun.cl\/web\/wp-json\/wp\/v2\/media\/21114"}],"wp:attachment":[{"href":"https:\/\/www.vilcun.cl\/web\/wp-json\/wp\/v2\/media?parent=21113"}],"wp:term":[{"taxonomy":"category","embeddable":true,"href":"https:\/\/www.vilcun.cl\/web\/wp-json\/wp\/v2\/categories?post=21113"},{"taxonomy":"post_tag","embeddable":true,"href":"https:\/\/www.vilcun.cl\/web\/wp-json\/wp\/v2\/tags?post=21113"}],"curies":[{"name":"wp","href":"https:\/\/api.w.org\/{rel}","templated":true}]}}