{"id":21080,"date":"2026-08-31T09:31:55","date_gmt":"2026-08-31T13:31:55","guid":{"rendered":"https:\/\/www.vilcun.cl\/web\/?p=21080"},"modified":"2026-08-31T09:31:55","modified_gmt":"2026-08-31T13:31:55","slug":"26-familias-del-comite-la-esperanza-son-beneficiadas-con-subsidio-habitacional","status":"publish","type":"post","link":"https:\/\/www.vilcun.cl\/web\/26-familias-del-comite-la-esperanza-son-beneficiadas-con-subsidio-habitacional\/","title":{"rendered":"26 familias del Comit\u00e9 \u201cLa Esperanza\u201d son beneficiadas con subsidio habitacional"},"content":{"rendered":"<div class=\"xdj266r x14z9mp xat24cr x1lziwak x1vvkbs x126k92a\">\n<div dir=\"auto\"><\/div>\n<div dir=\"auto\"><\/div>\n<\/div>\n<div class=\"x14z9mp xat24cr x1lziwak x1vvkbs xtlvy1s x126k92a\">\n<div dir=\"auto\">La Alcaldesa Katherinne Migueles Mu\u00f1oz particip\u00f3 junto a las familias del Comit\u00e9 \u201cLa Esperanza\u201d y la Sociedad Consultora Newen Sur, en una jornada informativa tras conocerse que el comit\u00e9 result\u00f3 beneficiado con el Fondo Solidario de Elecci\u00f3n de Vivienda DS49, en la modalidad de construcci\u00f3n en sitio propio.<\/div>\n<div dir=\"auto\"><\/div>\n<\/div>\n<div class=\"x14z9mp xat24cr x1lziwak x1vvkbs xtlvy1s x126k92a\">\n<div dir=\"auto\">El beneficio contempla la inversi\u00f3n de m\u00e1s de $1.260.000.000, permitiendo avanzar hacia la construcci\u00f3n de sus nuevas viviendas en terrenos propios.<\/div>\n<div dir=\"auto\"><\/div>\n<\/div>\n<div class=\"x14z9mp xat24cr x1lziwak x1vvkbs xtlvy1s x126k92a\">\n<div dir=\"auto\">Este importante beneficio permitir\u00e1 avanzar en el sue\u00f1o de la vivienda propia para familias de sectores como Natre, Quintrilpe, Cantino, Codinhue, Meto Mirador y Colonia Mendoza, entre otras localidades rurales de la comuna.<\/div>\n<div dir=\"auto\"><\/div>\n<\/div>\n<div class=\"x14z9mp xat24cr x1lziwak x1vvkbs xtlvy1s x126k92a\">\n<div dir=\"auto\">Desde la Municipalidad de Vilc\u00fan continuamos acompa\u00f1ando y apoyando a nuestras familias en el acceso a soluciones habitacionales dignas y definitivas.<\/div>\n<\/div>\n","protected":false},"excerpt":{"rendered":"<p>La Alcaldesa Katherinne Migueles Mu\u00f1oz particip\u00f3 junto a las familias del Comit\u00e9 \u201cLa Esperanza\u201d y la Sociedad Consultora Newen Sur, en una jornada informativa tras conocerse que el comit\u00e9 result\u00f3 beneficiado con el Fondo Solidario de Elecci\u00f3n de Vivienda DS49, en la modalidad de construcci\u00f3n en sitio propio. El beneficio contempla la inversi\u00f3n de m\u00e1s [&hellip;]<\/p>\n","protected":false},"author":5,"featured_media":21081,"comment_status":"open","ping_status":"open","sticky":false,"template":"","format":"standard","meta":{"footnotes":""},"categories":[2],"tags":[],"class_list":["post-21080","post","type-post","status-publish","format-standard","has-post-thumbnail","hentry","category-noticiasprincipales"],"_links":{"self":[{"href":"https:\/\/www.vilcun.cl\/web\/wp-json\/wp\/v2\/posts\/21080","targetHints":{"allow":["GET"]}}],"collection":[{"href":"https:\/\/www.vilcun.cl\/web\/wp-json\/wp\/v2\/posts"}],"about":[{"href":"https:\/\/www.vilcun.cl\/web\/wp-json\/wp\/v2\/types\/post"}],"author":[{"embeddable":true,"href":"https:\/\/www.vilcun.cl\/web\/wp-json\/wp\/v2\/users\/5"}],"replies":[{"embeddable":true,"href":"https:\/\/www.vilcun.cl\/web\/wp-json\/wp\/v2\/comments?post=21080"}],"version-history":[{"count":1,"href":"https:\/\/www.vilcun.cl\/web\/wp-json\/wp\/v2\/posts\/21080\/revisions"}],"predecessor-version":[{"id":21082,"href":"https:\/\/www.vilcun.cl\/web\/wp-json\/wp\/v2\/posts\/21080\/revisions\/21082"}],"wp:featuredmedia":[{"embeddable":true,"href":"https:\/\/www.vilcun.cl\/web\/wp-json\/wp\/v2\/media\/21081"}],"wp:attachment":[{"href":"https:\/\/www.vilcun.cl\/web\/wp-json\/wp\/v2\/media?parent=21080"}],"wp:term":[{"taxonomy":"category","embeddable":true,"href":"https:\/\/www.vilcun.cl\/web\/wp-json\/wp\/v2\/categories?post=21080"},{"taxonomy":"post_tag","embeddable":true,"href":"https:\/\/www.vilcun.cl\/web\/wp-json\/wp\/v2\/tags?post=21080"}],"curies":[{"name":"wp","href":"https:\/\/api.w.org\/{rel}","templated":true}]}}