{"id":21077,"date":"2026-08-31T09:25:07","date_gmt":"2026-08-31T13:25:07","guid":{"rendered":"https:\/\/www.vilcun.cl\/web\/?p=21077"},"modified":"2026-08-31T09:37:10","modified_gmt":"2026-08-31T13:37:10","slug":"feria-costumbrista-bajo-el-llaima-se-reprograma-por-motivos-climaticos","status":"publish","type":"post","link":"https:\/\/www.vilcun.cl\/web\/feria-costumbrista-bajo-el-llaima-se-reprograma-por-motivos-climaticos\/","title":{"rendered":"Feria Costumbrista Bajo el Llaima se reprograma por motivos clim\u00e1ticos"},"content":{"rendered":"<p><br class=\"html-br\" \/><br class=\"html-br\" \/>La comuna de Vilc\u00fan se prepara para vivir una nueva jornada de encuentro, tradici\u00f3n y participaci\u00f3n con la Feria Costumbrista Bajo el Llaima, organizada por la Agrupaci\u00f3n Emprendimiento Bajo el Llaima, en colaboraci\u00f3n con la Ilustre Municipalidad de Vilc\u00fan.<br class=\"html-br\" \/><br class=\"html-br\" \/>Informamos a la comunidad que, debido a las condiciones clim\u00e1ticas pronosticadas y con el objetivo de resguardar la seguridad y comodidad de visitantes, emprendedores, artistas y expositores, la actividad ser\u00e1 suspendida y reprogramada para el pr\u00f3ximo s\u00e1bado 5 y domingo 6 de septiembre.<br class=\"html-br\" \/><br class=\"html-br\" \/>La iniciativa busca poner en valor las expresiones culturales, productivas y gastron\u00f3micas que caracterizan a nuestra comuna. En esta nueva fecha, las familias podr\u00e1n disfrutar de una variada oferta de gastronom\u00eda t\u00edpica, artesan\u00edas, plantas, productos locales, bazar y emprendimientos de distintos rubros, fortaleciendo los espacios de encuentro y apoyo a la econom\u00eda local.<br class=\"html-br\" \/><br class=\"html-br\" \/>Adem\u00e1s, la jornada contar\u00e1 con una programaci\u00f3n art\u00edstica, presentaciones folcl\u00f3ricas y muestras de nuestras tradiciones, invitando a toda la comunidad a participar y disfrutar en familia.<br class=\"html-br\" \/><br class=\"html-br\" \/>Agradecemos la comprensi\u00f3n de vecinos y visitantes, y los esperamos este s\u00e1bado 5 y domingo 6 de septiembre para celebrar juntos la identidad, cultura y tradiciones de Vilc\u00fan en la Feria Costumbrista Bajo el Llaima.<\/p>\n","protected":false},"excerpt":{"rendered":"<p>La comuna de Vilc\u00fan se prepara para vivir una nueva jornada de encuentro, tradici\u00f3n y participaci\u00f3n con la Feria Costumbrista Bajo el Llaima, organizada por la Agrupaci\u00f3n Emprendimiento Bajo el Llaima, en colaboraci\u00f3n con la Ilustre Municipalidad de Vilc\u00fan.Informamos a la comunidad que, debido a las condiciones clim\u00e1ticas pronosticadas y con el objetivo de resguardar [&hellip;]<\/p>\n","protected":false},"author":5,"featured_media":21078,"comment_status":"open","ping_status":"open","sticky":true,"template":"","format":"standard","meta":{"footnotes":""},"categories":[2],"tags":[],"class_list":["post-21077","post","type-post","status-publish","format-standard","has-post-thumbnail","hentry","category-noticiasprincipales"],"_links":{"self":[{"href":"https:\/\/www.vilcun.cl\/web\/wp-json\/wp\/v2\/posts\/21077","targetHints":{"allow":["GET"]}}],"collection":[{"href":"https:\/\/www.vilcun.cl\/web\/wp-json\/wp\/v2\/posts"}],"about":[{"href":"https:\/\/www.vilcun.cl\/web\/wp-json\/wp\/v2\/types\/post"}],"author":[{"embeddable":true,"href":"https:\/\/www.vilcun.cl\/web\/wp-json\/wp\/v2\/users\/5"}],"replies":[{"embeddable":true,"href":"https:\/\/www.vilcun.cl\/web\/wp-json\/wp\/v2\/comments?post=21077"}],"version-history":[{"count":1,"href":"https:\/\/www.vilcun.cl\/web\/wp-json\/wp\/v2\/posts\/21077\/revisions"}],"predecessor-version":[{"id":21079,"href":"https:\/\/www.vilcun.cl\/web\/wp-json\/wp\/v2\/posts\/21077\/revisions\/21079"}],"wp:featuredmedia":[{"embeddable":true,"href":"https:\/\/www.vilcun.cl\/web\/wp-json\/wp\/v2\/media\/21078"}],"wp:attachment":[{"href":"https:\/\/www.vilcun.cl\/web\/wp-json\/wp\/v2\/media?parent=21077"}],"wp:term":[{"taxonomy":"category","embeddable":true,"href":"https:\/\/www.vilcun.cl\/web\/wp-json\/wp\/v2\/categories?post=21077"},{"taxonomy":"post_tag","embeddable":true,"href":"https:\/\/www.vilcun.cl\/web\/wp-json\/wp\/v2\/tags?post=21077"}],"curies":[{"name":"wp","href":"https:\/\/api.w.org\/{rel}","templated":true}]}}